{"id":7568,"date":"2024-11-06T17:48:59","date_gmt":"2024-11-06T20:48:59","guid":{"rendered":"https:\/\/claracloud.com.br\/?p=7512"},"modified":"2024-11-06T17:48:59","modified_gmt":"2024-11-06T20:48:59","slug":"novos-talentos-o-time-de-vendas-cresce-para-conquistar-o-mercado-multicloud","status":"publish","type":"post","link":"https:\/\/multiclara.com\/index.php\/2024\/11\/06\/novos-talentos-o-time-de-vendas-cresce-para-conquistar-o-mercado-multicloud\/","title":{"rendered":"Novos Talentos: o time de vendas cresce para conquistar o mercado multicloud"},"content":{"rendered":"\n<p class=\"has-small-font-size\"><br>\u00c9 com grande entusiasmo que anunciamos a chegada de novos talentos ao nosso time comercial!<br><strong>Carolina Souza<\/strong> assume o papel de <strong>Analista de Vendas<\/strong> e <strong>Cleonice Santos Coutinho<\/strong> como <strong>Gerente de Contas<\/strong>. <br><br>Essas decis\u00f5es foram tomadas de forma estrat\u00e9gica, visando fortalecer ainda mais nossa posi\u00e7\u00e3o no din\u00e2mico mercado multicloud.<br><br>A Carol, com sua expertise em no atendimento aos clientes, atendimento dos chamados de IaaS e contratos, ser\u00e1 fundamental para atender \u00e0s demandas cada vez mais complexas dos nossos clientes, enquanto a Cleo, com sua vasta experi\u00eancia em gest\u00e3o de contas, liderar\u00e1 uma de nossas equipes para alcan\u00e7armos novas metas.<br><br><strong>Por que esse momento \u00e9 t\u00e3o importante para a MultiClara?<\/strong><br><br>O mercado cloud est\u00e1 em constante evolu\u00e7\u00e3o e as empresas buscam solu\u00e7\u00f5es e servi\u00e7os cada vez mais personalizadas e eficientes para otimizar seus ambientes de TI. Com a chegada da Carol e da Cleo, estamos ainda mais preparados para oferecer as melhores solu\u00e7\u00f5es para nossos clientes, ajudando-os a navegar nesse cen\u00e1rio desafiador e aproveitar ao m\u00e1ximo as vantagens das novas tecnologias.<br><br>Eduardo Hanashiro, CEO da MultiClara, complementa, &#8220;Acreditamos que, com essa nova equipe, entenderemos melhor o mercado e encantaremos ainda mais nossos clientes com solu\u00e7\u00f5es e servi\u00e7os inovadores. Cleo e Carol trazem anos de experi\u00eancia no mercado de TI. Tive o prazer de trabalhar com elas na Dedalus Prime, uma das maiores especialistas em nuvem da Am\u00e9rica Latina, iniciamos nossa jornada quando os servi\u00e7os em cloud computing eram apenas uma promessa disruptiva, e juntos, conseguimos desbravar e ajudar milhares de pessoas e clientes a experimentarem e migrarem suas solu\u00e7\u00f5es para a nuvem.&#8221;<br><br><strong>O que isso significa para nossos clientes?<\/strong><\/p>\n\n\n\n<ul class=\"wp-block-list\">\n<li class=\"has-small-font-size\"><strong>Mais agilidade:<\/strong> Nossa equipe comercial, completa, garante um atendimento mais r\u00e1pido e customizado \u00e0s suas necessidades.<\/li>\n\n\n\n<li class=\"has-small-font-size\"><strong>Solu\u00e7\u00f5es personalizadas:<\/strong> Solu\u00e7\u00f5es na nuvem sob medida para cada cliente, otimizando os investimentos e maximizando os resultados.<\/li>\n\n\n\n<li class=\"has-small-font-size\"><strong>Suporte especializado:<\/strong> Conte com o apoio de profissionais altamente qualificados para tirar todas as suas d\u00favidas e garantir o sucesso da sua jornada de transforma\u00e7\u00e3o.<\/li>\n<\/ul>\n\n\n\n<p><\/p>\n\n\n\n<p class=\"has-small-font-size\"><strong>Damos as boas-vindas \u00e0 Carolina e \u00e0 Cleonice e estamos confiantes de que, juntos, construiremos um futuro ainda mais conectado!<\/strong><\/p>\n","protected":false},"excerpt":{"rendered":"<p>\u00c9 com grande entusiasmo que anunciamos a chegada de novos talentos ao nosso time comercial!Carolina Souza assume o papel de Analista de Vendas e Cleonice Santos Coutinho como Gerente de Contas. Essas decis\u00f5es foram tomadas de forma estrat\u00e9gica, visando fortalecer ainda mais nossa posi\u00e7\u00e3o no din\u00e2mico mercado multicloud. A Carol, com sua expertise em no atendimento aos clientes, atendimento dos chamados de IaaS e contratos, ser\u00e1 fundamental para atender \u00e0s demandas cada vez mais complexas dos nossos clientes, enquanto a Cleo, com sua vasta experi\u00eancia em gest\u00e3o de contas, liderar\u00e1 uma de nossas equipes para alcan\u00e7armos novas metas. Por que esse momento \u00e9 t\u00e3o importante para a MultiClara? O mercado cloud est\u00e1 em constante evolu\u00e7\u00e3o e as empresas buscam solu\u00e7\u00f5es e servi\u00e7os cada vez mais personalizadas e eficientes para otimizar seus ambientes de TI. Com a chegada da Carol e da Cleo, estamos ainda mais preparados para oferecer as melhores solu\u00e7\u00f5es para nossos clientes, ajudando-os a navegar nesse cen\u00e1rio desafiador e aproveitar ao m\u00e1ximo as vantagens das novas tecnologias. Eduardo Hanashiro, CEO da MultiClara, complementa, &#8220;Acreditamos que, com essa nova equipe, entenderemos melhor o mercado e encantaremos ainda mais nossos clientes com solu\u00e7\u00f5es e servi\u00e7os inovadores. Cleo e Carol trazem anos de experi\u00eancia no mercado de TI. Tive o prazer de trabalhar com elas na Dedalus Prime, uma das maiores especialistas em nuvem da Am\u00e9rica Latina, iniciamos nossa jornada quando os servi\u00e7os em cloud computing eram apenas uma promessa disruptiva, e juntos, conseguimos desbravar e ajudar milhares de pessoas e clientes a experimentarem e migrarem suas solu\u00e7\u00f5es para a nuvem.&#8221; O que isso significa para nossos clientes? Damos as boas-vindas \u00e0 Carolina e \u00e0 Cleonice e estamos confiantes de que, juntos, construiremos um futuro ainda mais conectado!<\/p>\n","protected":false},"author":2,"featured_media":7572,"comment_status":"closed","ping_status":"closed","sticky":false,"template":"","format":"standard","meta":{"footnotes":""},"categories":[67,1],"tags":[82,79],"class_list":["post-7568","post","type-post","status-publish","format-standard","has-post-thumbnail","hentry","category-solucoes-clara","category-uncategorized","tag-novidade","tag-novidades"],"acf":[],"_links":{"self":[{"href":"https:\/\/multiclara.com\/index.php\/wp-json\/wp\/v2\/posts\/7568","targetHints":{"allow":["GET"]}}],"collection":[{"href":"https:\/\/multiclara.com\/index.php\/wp-json\/wp\/v2\/posts"}],"about":[{"href":"https:\/\/multiclara.com\/index.php\/wp-json\/wp\/v2\/types\/post"}],"author":[{"embeddable":true,"href":"https:\/\/multiclara.com\/index.php\/wp-json\/wp\/v2\/users\/2"}],"replies":[{"embeddable":true,"href":"https:\/\/multiclara.com\/index.php\/wp-json\/wp\/v2\/comments?post=7568"}],"version-history":[{"count":0,"href":"https:\/\/multiclara.com\/index.php\/wp-json\/wp\/v2\/posts\/7568\/revisions"}],"wp:featuredmedia":[{"embeddable":true,"href":"https:\/\/multiclara.com\/index.php\/wp-json\/wp\/v2\/media\/7572"}],"wp:attachment":[{"href":"https:\/\/multiclara.com\/index.php\/wp-json\/wp\/v2\/media?parent=7568"}],"wp:term":[{"taxonomy":"category","embeddable":true,"href":"https:\/\/multiclara.com\/index.php\/wp-json\/wp\/v2\/categories?post=7568"},{"taxonomy":"post_tag","embeddable":true,"href":"https:\/\/multiclara.com\/index.php\/wp-json\/wp\/v2\/tags?post=7568"}],"curies":[{"name":"wp","href":"https:\/\/api.w.org\/{rel}","templated":true}]}}